{"id":855,"count":1,"description":"","link":"https:\/\/www.ifturquie.org\/fr\/tag\/lecmn-cmn-languefrancaise-francais-chateau-patrimoine-histoire-monuments-culture-concerts-expositions-ateliers-cafe-librairie-fransizca-fransizcaogreniyorum\/","name":"#lecmn #cmn #languefrancaise #fran\u00e7ais #ch\u00e2teau #patrimoine #histoire #monuments #culture #concerts #expositions #ateliers #caf\u00e9 #librairie #fransizca #fransizcaogreniyorum","slug":"lecmn-cmn-languefrancaise-francais-chateau-patrimoine-histoire-monuments-culture-concerts-expositions-ateliers-cafe-librairie-fransizca-fransizcaogreniyorum","taxonomy":"post_tag","meta":[],"_links":{"self":[{"href":"https:\/\/www.ifturquie.org\/fr\/wp-json\/wp\/v2\/tags\/855","targetHints":{"allow":["GET"]}}],"collection":[{"href":"https:\/\/www.ifturquie.org\/fr\/wp-json\/wp\/v2\/tags"}],"about":[{"href":"https:\/\/www.ifturquie.org\/fr\/wp-json\/wp\/v2\/taxonomies\/post_tag"}],"wp:post_type":[{"href":"https:\/\/www.ifturquie.org\/fr\/wp-json\/wp\/v2\/posts?tags=855"}],"curies":[{"name":"wp","href":"https:\/\/api.w.org\/{rel}","templated":true}]}}